{"id":45364,"__str__":"REQUERIMENTO n\u00ba 686 de 2026","metadata":{"signs":{"texto_original":{"admin":[],"autores":[["Vereador Mano do Som",["2026-02-27T11:22:22-03:00",""]]]}}},"numero":686,"ano":2026,"numero_protocolo":964,"data_apresentacao":"2026-03-02","tipo_apresentacao":"","data_publicacao":null,"numero_origem_externa":"","ano_origem_externa":null,"data_origem_externa":null,"apelido":"","dias_prazo":null,"data_fim_prazo":null,"em_tramitacao":false,"polemica":false,"objeto":"","complementar":false,"ementa":"Requer para que viabilize servi\u00e7os de manuten\u00e7\u00e3o de cal\u00e7amento , na localidade: Avenida Virgulino Ferreira - Bairro: Jos\u00e9 Ant\u00f4nio Liberato","indexacao":"","observacao":"","resultado":"","texto_original":"http://sapl.caruaru.pe.leg.br/media/sapl/public/materialegislativa/2026/45364/jose_liberato_avenida_virgulino_ferreira.pdf","data_ultima_atualizacao":"2026-03-10T12:04:14.342579-03:00","ip":"","ultima_edicao":null,"tipo":1,"regime_tramitacao":1,"tipo_origem_externa":null,"local_origem_externa":null,"user":null,"anexadas":[],"autores":[113]}