{"id":45367,"__str__":"REQUERIMENTO n\u00ba 689 de 2026","metadata":{"signs":{"texto_original":{"admin":[],"autores":[["Vereador Delegado Lessa",["2026-03-01T10:08:39-03:00",""]]]}}},"numero":689,"ano":2026,"numero_protocolo":967,"data_apresentacao":"2026-03-02","tipo_apresentacao":"","data_publicacao":null,"numero_origem_externa":"","ano_origem_externa":null,"data_origem_externa":null,"apelido":"","dias_prazo":null,"data_fim_prazo":null,"em_tramitacao":false,"polemica":false,"objeto":"","complementar":false,"ementa":"Requeiro VOTO DE APLAUSOS A SEVERINO GOMES DE MOURA, popularmente conhecido como \u201cBIU BRA\u00daNA\u201d, em reconhecimento \u00e0 sua not\u00e1vel e longeva trajet\u00f3ria de vida, dedica\u00e7\u00e3o ao trabalho, esp\u00edrito comunit\u00e1rio e inestim\u00e1vel contribui\u00e7\u00e3o para o fomento do com\u00e9rcio local e o fortalecimento dos la\u00e7os sociais no munic\u00edpio de Caruaru/PE e regi\u00e3o.","indexacao":"","observacao":"","resultado":"","texto_original":"http://sapl.caruaru.pe.leg.br/media/sapl/public/materialegislativa/2026/45367/voto_de_aplauso_biu_brauna.docx_1.pdf","data_ultima_atualizacao":"2026-03-10T14:17:33.054581-03:00","ip":"","ultima_edicao":null,"tipo":1,"regime_tramitacao":1,"tipo_origem_externa":null,"local_origem_externa":null,"user":null,"anexadas":[],"autores":[126]}