{"id":45371,"__str__":"REQUERIMENTO n\u00ba 693 de 2026","metadata":{"signs":{"texto_original":{"admin":[],"autores":[["Vereador Mano do Som",["2026-03-02T09:24:21-03:00",""]]]}}},"numero":693,"ano":2026,"numero_protocolo":971,"data_apresentacao":"2026-03-02","tipo_apresentacao":"","data_publicacao":null,"numero_origem_externa":"","ano_origem_externa":null,"data_origem_externa":null,"apelido":"","dias_prazo":null,"data_fim_prazo":null,"em_tramitacao":false,"polemica":false,"objeto":"","complementar":false,"ementa":"Requer para que realizem a transfer\u00eancia de Feira do bairro Rendeiras para localidade: Pra\u00e7a Nossa Senhora Aparecida, localizada na Rua Major Jo\u00e3o Coelho","indexacao":"","observacao":"","resultado":"","texto_original":"http://sapl.caruaru.pe.leg.br/media/sapl/public/materialegislativa/2026/45371/rendeiras_feira.pdf","data_ultima_atualizacao":"2026-03-10T14:35:54.011973-03:00","ip":"","ultima_edicao":null,"tipo":1,"regime_tramitacao":1,"tipo_origem_externa":null,"local_origem_externa":null,"user":null,"anexadas":[],"autores":[113]}