{"id":45373,"__str__":"REQUERIMENTO n\u00ba 695 de 2026","metadata":{"signs":{"texto_original":{"admin":[],"autores":[["Vereador Mano do Som",["2026-02-24T10:47:44-03:00",""]]]}}},"numero":695,"ano":2026,"numero_protocolo":973,"data_apresentacao":"2026-03-02","tipo_apresentacao":"","data_publicacao":null,"numero_origem_externa":"","ano_origem_externa":null,"data_origem_externa":null,"apelido":"","dias_prazo":null,"data_fim_prazo":null,"em_tramitacao":false,"polemica":false,"objeto":"","complementar":false,"ementa":"Requeiro \u00e0 Mesa Diretora, ouvido o Plen\u00e1rio e cumpridas as formalidades regimentais, a realiza\u00e7\u00e3o de AUDI\u00caNCIA P\u00daBLICA no \u00e2mbito desta Casa Legislativa, com a participa\u00e7\u00e3o do Exmo. Sr. Alessandro de Carvalho - SDS, representa\u00e7\u00e3o do Exmo. Sr. Felipe Monteiro \u2013 DELEGADO GERAL - POLICIA CIVIL, ao Exmo. Sr. Aureo Cisneiros \u2013 PRESIDENTE DO SINDICATO DA POLICIA CIVIL DE PERNAMBUCO.","indexacao":"","observacao":"","resultado":"","texto_original":"http://sapl.caruaru.pe.leg.br/media/sapl/public/materialegislativa/2026/45373/requerimento_audiencia_publica_policia_civil_dados_2025_e_2026.pdf","data_ultima_atualizacao":"2026-03-10T14:40:28.901660-03:00","ip":"","ultima_edicao":null,"tipo":1,"regime_tramitacao":1,"tipo_origem_externa":null,"local_origem_externa":null,"user":null,"anexadas":[],"autores":[113]}