{"id":45374,"__str__":"REQUERIMENTO n\u00ba 696 de 2026","metadata":{"signs":{"texto_original":{"admin":[],"autores":[["Vereador Mano do Som",["2026-02-23T10:07:51-03:00",""]]]}}},"numero":696,"ano":2026,"numero_protocolo":974,"data_apresentacao":"2026-03-02","tipo_apresentacao":"","data_publicacao":null,"numero_origem_externa":"","ano_origem_externa":null,"data_origem_externa":null,"apelido":"","dias_prazo":null,"data_fim_prazo":null,"em_tramitacao":false,"polemica":false,"objeto":"","complementar":false,"ementa":"Solicitando a execu\u00e7\u00e3o de obras de cal\u00e7amento, implanta\u00e7\u00e3o de saneamento b\u00e1sico e sistema de drenagem na Quinta Travessa do Cedro, situada na localidade de Serran\u00f3polis, nas imedia\u00e7\u00f5es do S\u00e3o Jos\u00e9.","indexacao":"","observacao":"","resultado":"","texto_original":"http://sapl.caruaru.pe.leg.br/media/sapl/public/materialegislativa/2026/45374/1_requerimento_5_tv_do_cedro.pdf","data_ultima_atualizacao":"2026-03-10T14:46:53.436154-03:00","ip":"","ultima_edicao":null,"tipo":1,"regime_tramitacao":1,"tipo_origem_externa":null,"local_origem_externa":null,"user":null,"anexadas":[],"autores":[113]}