{"id":45376,"__str__":"REQUERIMENTO n\u00ba 698 de 2026","metadata":{"signs":{"texto_original":{"admin":[],"autores":[["Vereador Mano do Som",["2026-03-02T09:57:21-03:00",""]]]}}},"numero":698,"ano":2026,"numero_protocolo":976,"data_apresentacao":"2026-03-02","tipo_apresentacao":"","data_publicacao":null,"numero_origem_externa":"","ano_origem_externa":null,"data_origem_externa":null,"apelido":"","dias_prazo":null,"data_fim_prazo":null,"em_tramitacao":false,"polemica":false,"objeto":"","complementar":false,"ementa":"Solicitando a realiza\u00e7\u00e3o.\r\nDa pavimenta\u00e7\u00e3o asf\u00e1ltica da Rua Francisco Dias de Barros, localizada no bairro Indian\u00f3polis","indexacao":"","observacao":"","resultado":"","texto_original":"http://sapl.caruaru.pe.leg.br/media/sapl/public/materialegislativa/2026/45376/2_asfalto_rua_francisco_dias_de_barros.pdf","data_ultima_atualizacao":"2026-03-10T14:55:15.599721-03:00","ip":"","ultima_edicao":null,"tipo":1,"regime_tramitacao":1,"tipo_origem_externa":null,"local_origem_externa":null,"user":null,"anexadas":[],"autores":[113]}