{"id":45391,"__str__":"REQUERIMENTO n\u00ba 711 de 2026","metadata":{"signs":{"texto_original":{"admin":[],"autores":[["Vereador Mano do Som",["2026-03-02T11:10:38-03:00",""]]]}}},"numero":711,"ano":2026,"numero_protocolo":991,"data_apresentacao":"2026-03-02","tipo_apresentacao":"","data_publicacao":null,"numero_origem_externa":"","ano_origem_externa":null,"data_origem_externa":null,"apelido":"","dias_prazo":null,"data_fim_prazo":null,"em_tramitacao":false,"polemica":false,"objeto":"","complementar":false,"ementa":"Solicita\u00e7\u00e3o de fechamento tempor\u00e1rio de via no entorno da Capela do Hospital S\u00e3o Sebasti\u00e3o nos hor\u00e1rios de missa aos Domingos.\r\nJUSTIFICATIVA\r\nO fechamento tempor\u00e1rio da avenida no entorno da Capela do Hospital S\u00e3o Sebasti\u00e3o, durante os hor\u00e1rios das missas realizadas aos domingos, sendo:\r\n\u2022 Manh\u00e3: das 07h30 \u00e0s 11h00\r\n\u2022 Tarde: das 16h30 \u00e0s 17h30","indexacao":"","observacao":"","resultado":"","texto_original":"http://sapl.caruaru.pe.leg.br/media/sapl/public/materialegislativa/2026/45391/reque_interdicao_da_via_capela_sao_sebastiao.pdf","data_ultima_atualizacao":"2026-03-10T16:29:48.235230-03:00","ip":"","ultima_edicao":null,"tipo":1,"regime_tramitacao":1,"tipo_origem_externa":null,"local_origem_externa":null,"user":null,"anexadas":[],"autores":[113]}