{"id":45405,"__str__":"REQUERIMENTO n\u00ba 722 de 2026","metadata":{"signs":{"texto_original":{"admin":[],"autores":[["Nome do Assinante N\u00e3o Localizado.",["2026-03-02T10:43:43-03:00","C\u00e2mara Municipal de Caruaru"]]]}}},"numero":722,"ano":2026,"numero_protocolo":1005,"data_apresentacao":"2026-03-03","tipo_apresentacao":"","data_publicacao":null,"numero_origem_externa":"","ano_origem_externa":null,"data_origem_externa":null,"apelido":"","dias_prazo":null,"data_fim_prazo":null,"em_tramitacao":false,"polemica":false,"objeto":"","complementar":false,"ementa":"Anteprojeto de Lei que institui o Programa Municipal de Educa\u00e7\u00e3o para a Equidade de G\u00eanero e Preven\u00e7\u00e3o \u00e0 Viol\u00eancia nas Escolas no \u00e2mbito do Munic\u00edpio de Caruaru e d\u00e1 outras provid\u00eancias.","indexacao":"","observacao":"","resultado":"","texto_original":"http://sapl.caruaru.pe.leg.br/media/sapl/public/materialegislativa/2026/45405/apl_programa_equidade_e_prevencao_violencia_escolas_2026.pdf","data_ultima_atualizacao":"2026-03-10T18:14:49.635897-03:00","ip":"","ultima_edicao":null,"tipo":1,"regime_tramitacao":1,"tipo_origem_externa":null,"local_origem_externa":null,"user":null,"anexadas":[],"autores":[111]}