{"id":45422,"__str__":"REQUERIMENTO n\u00ba 737 de 2026","metadata":{"signs":{"texto_original":{"admin":[],"autores":[["Vereador Anderson Correia",["2026-03-03T09:49:59-03:00",""]]]}}},"numero":737,"ano":2026,"numero_protocolo":1022,"data_apresentacao":"2026-03-03","tipo_apresentacao":"","data_publicacao":null,"numero_origem_externa":"","ano_origem_externa":null,"data_origem_externa":null,"apelido":"","dias_prazo":null,"data_fim_prazo":null,"em_tramitacao":false,"polemica":false,"objeto":"","complementar":false,"ementa":"Requer que seja inclu\u00edda, no cadastro municipal atualmente em implanta\u00e7\u00e3o destinado \u00e0s ONGs, protetores independentes e institui\u00e7\u00f5es de defesa animal, tamb\u00e9m a categoria de protetores e resgatistas de animais silvestres, para que estes possam igualmente ser contemplados pelas pol\u00edticas p\u00fablicas, programas, benef\u00edcios e demais iniciativas decorrentes desse cadastramento.","indexacao":"","observacao":"","resultado":"","texto_original":"http://sapl.caruaru.pe.leg.br/media/sapl/public/materialegislativa/2026/45422/req_incluir_resgatistas_de_animais_silvestres_no_cadastro.pdf","data_ultima_atualizacao":"2026-03-10T19:37:01.205802-03:00","ip":"","ultima_edicao":null,"tipo":1,"regime_tramitacao":1,"tipo_origem_externa":null,"local_origem_externa":null,"user":null,"anexadas":[],"autores":[105]}