{"id":45448,"__str__":"REQUERIMENTO n\u00ba 752 de 2026","metadata":{"signs":{"texto_original":{"admin":[],"autores":[["Vereador Delegado Lessa",["2026-03-03T16:40:47-03:00",""]]]}}},"numero":752,"ano":2026,"numero_protocolo":1047,"data_apresentacao":"2026-03-05","tipo_apresentacao":"","data_publicacao":null,"numero_origem_externa":"","ano_origem_externa":null,"data_origem_externa":null,"apelido":"","dias_prazo":null,"data_fim_prazo":null,"em_tramitacao":false,"polemica":false,"objeto":"","complementar":false,"ementa":"Requeiro Anteprojeto  para  a  cria\u00e7\u00e3o  da  Expo  Alto  do  Moura  no  munic\u00edpio de Caruaru/PE.","indexacao":"","observacao":"","resultado":"","texto_original":"http://sapl.caruaru.pe.leg.br/media/sapl/public/materialegislativa/2026/45448/anteprojeto_-_expo_alto_do_moura.docx_-_google_docs.pdf","data_ultima_atualizacao":"2026-03-10T21:57:36.628953-03:00","ip":"","ultima_edicao":null,"tipo":1,"regime_tramitacao":1,"tipo_origem_externa":null,"local_origem_externa":null,"user":null,"anexadas":[],"autores":[126]}