{"id":45452,"__str__":"REQUERIMENTO n\u00ba 754 de 2026","metadata":{"signs":{"texto_original":{"admin":[],"autores":[["Vereador Mano do Som",["2026-03-03T10:25:45-03:00",""]]]}}},"numero":754,"ano":2026,"numero_protocolo":1051,"data_apresentacao":"2026-03-05","tipo_apresentacao":"","data_publicacao":null,"numero_origem_externa":"","ano_origem_externa":null,"data_origem_externa":null,"apelido":"","dias_prazo":null,"data_fim_prazo":null,"em_tramitacao":true,"polemica":false,"objeto":"","complementar":false,"ementa":"Reiterar os requerimentos (anexos):\r\n2083/2025 -Anteprojeto de Lei para cria\u00e7\u00e3o do cargo de Bombeiro Civil e a autoriza\u00e7\u00e3o para abertura do concurso p\u00fablico em Caruaru.\r\n2094/2025 -requeiro que a prefeitura realize concurso de bombeiro civil","indexacao":"","observacao":"","resultado":"","texto_original":"http://sapl.caruaru.pe.leg.br/media/sapl/public/materialegislativa/2026/45452/reque_re_39.pdf","data_ultima_atualizacao":"2026-03-10T18:31:06.394934-03:00","ip":"","ultima_edicao":null,"tipo":1,"regime_tramitacao":1,"tipo_origem_externa":null,"local_origem_externa":null,"user":null,"anexadas":[],"autores":[113]}