{"id":45475,"__str__":"REQUERIMENTO n\u00ba 774 de 2026","metadata":{"signs":{"texto_original":{"admin":[],"autores":[["Nome do Assinante N\u00e3o Localizado.",["2026-03-04T21:12:13-03:00","C\u00e2mara Municipal de Caruaru"]]]}}},"numero":774,"ano":2026,"numero_protocolo":1074,"data_apresentacao":"2026-03-05","tipo_apresentacao":"","data_publicacao":null,"numero_origem_externa":"","ano_origem_externa":null,"data_origem_externa":null,"apelido":"","dias_prazo":null,"data_fim_prazo":null,"em_tramitacao":false,"polemica":false,"objeto":"","complementar":false,"ementa":"Requer a apresenta\u00e7\u00e3o de anteprojeto de lei que institui o Programa Municipal de Reeduca\u00e7\u00e3o e Responsabiliza\u00e7\u00e3o para Homens Autores de Viol\u00eancia no \u00e2mbito do Munic\u00edpio de Caruaru e d\u00e1 outras provid\u00eancias.","indexacao":"","observacao":"","resultado":"","texto_original":"http://sapl.caruaru.pe.leg.br/media/sapl/public/materialegislativa/2026/45475/apl_-__reeducacao._autores_violencia.pdf","data_ultima_atualizacao":"2026-03-17T20:17:21.868964-03:00","ip":"","ultima_edicao":null,"tipo":1,"regime_tramitacao":1,"tipo_origem_externa":null,"local_origem_externa":null,"user":null,"anexadas":[],"autores":[111]}