{"id":45528,"__str__":"INDICA\u00c7\u00c3O n\u00ba 165 de 2026","metadata":{"signs":{"texto_original":{"admin":[],"autores":[["Vereador Anderson Correia",["2026-03-05T10:29:24-03:00",""]]]}}},"numero":165,"ano":2026,"numero_protocolo":1127,"data_apresentacao":"2026-03-05","tipo_apresentacao":"","data_publicacao":null,"numero_origem_externa":"","ano_origem_externa":null,"data_origem_externa":null,"apelido":"","dias_prazo":null,"data_fim_prazo":null,"em_tramitacao":false,"polemica":false,"objeto":"","complementar":false,"ementa":"Inidicao \u00e0 Governadora Raquel Lyra, extensivo a Secretaria Executiva da Casa Animal de Pernambuco, para que realize a cria\u00e7\u00e3o de um Programa Estadual de Destina\u00e7\u00e3o Adequada de Equ\u00eddeos, a ser executado por meio de conv\u00eanios e coopera\u00e7\u00e3o t\u00e9cnica com os munic\u00edpios pernambucano.","indexacao":"","observacao":"","resultado":"","texto_original":"http://sapl.caruaru.pe.leg.br/media/sapl/public/materialegislativa/2026/45528/indicacao_programa_estadual_de_destinacao_adequada_de_equideos_2026.pdf","data_ultima_atualizacao":"2026-03-11T10:10:51.798457-03:00","ip":"","ultima_edicao":null,"tipo":2,"regime_tramitacao":1,"tipo_origem_externa":null,"local_origem_externa":null,"user":null,"anexadas":[],"autores":[105]}