{"id":45531,"__str__":"INDICA\u00c7\u00c3O n\u00ba 167 de 2026","metadata":{"signs":{"texto_original":{"admin":[],"autores":[["Vereador Mano do Som",["2026-02-26T09:07:38-03:00",""]]]}}},"numero":167,"ano":2026,"numero_protocolo":1130,"data_apresentacao":"2026-03-05","tipo_apresentacao":"","data_publicacao":null,"numero_origem_externa":"","ano_origem_externa":null,"data_origem_externa":null,"apelido":"","dias_prazo":null,"data_fim_prazo":null,"em_tramitacao":true,"polemica":false,"objeto":"","complementar":false,"ementa":"Indico \u00e0 Mesa, depois de ouvido o Plen\u00e1rio e cumpridas \u00e1s formalidades regimentais, que seja REITERADO a indica\u00e7\u00e3o feita em 2025, referente:\r\nINDICA\u00c7\u00c3O  132/2025  \u2013Indico \u00e0 Mesa Diretora desta Casa Legislativa, depois de ouvido o Plen\u00e1rio e cumpridas \u00e0s formalidades regimentais, seja encaminhado veemente apelo ao Exmo. Sra. Governadora de Pernambuco Raquel Lyra, ao Exmo. Sr. Secretario da Casa Civil Tulio Vila\u00e7a, ao Exmo. Sr. Secretario de Defesa Civil Alessandro Carvalho para viabilizar o Interioriza\u00e7\u00e3o das Delegacias Especializadas no Estado de Pernambuco em Caruaru. \u2022 Delegacia de Pol\u00edcia de Repress\u00e3o ao Estelionato \r\nINDICA\u00c7\u00c3O 131/2025 -Indico \u00e0 Mesa Diretora desta Casa Legislativa, depois de ouvido o Plen\u00e1rio e cumpridas \u00e0s formalidades regimentais, seja encaminhado veemente apelo ao Exmo. Sra. Governadora de Pernambuco Raquel Lyra, ao Exmo. Sr. Secretario da Casa Civil Tulio Vila\u00e7a, ao Exmo. Sr. Secretario de Defesa Civil Alessandro Carvalho para viabilizar o Interioriza\u00e7\u00e3o das Delegacias Especializadas no Estado de Pernambuco em Caruaru. \u2022 Delegacia de Roubos e Furtos de Ve\u00edculos (DPRFV) \r\nINDICA\u00c7\u00c3O 130/2025 -Indico \u00e0 Mesa Diretora desta Casa Legislativa, depois de ouvido o Plen\u00e1rio e cumpridas \u00e0s formalidades regimentais, seja encaminhado veemente apelo a Governadora de Pernambuco, Sra. Raquel Lyra, extensivo a Secretaria de Defesa Social - SDS e ao Comandante Geral da Policia Militar de Pernambuco: para que se proceda: Constru\u00e7\u00e3o de um Complexo da Pol\u00edcia Civil em Caruaru, conforme o Plano Estadual de Seguran\u00e7a.  \r\nINDICA\u00c7\u00c3O  129/2025 - Indico \u00e0 Mesa Diretora desta Casa Legislativa, depois de ouvido o Plen\u00e1rio e cumpridas \u00e0s formalidades regimentais, seja encaminhado veemente apelo a Governadora de Pernambuco, Sra. Raquel Lyra, extensivo a Secretaria de Defesa Social - SDS e ao Comandante Geral da Policia Militar de Pernambuco: para que se proceda: Reforma de ao menos uma Delegacia da Pol\u00edcia Civil em Caruaru, conforme o Plano Estadual de Seguran\u00e7a. \r\nINDICA\u00c7\u00c3O \u00a0128/2025 - Indico \u00e0 Mesa Diretora desta Casa Legislativa, depois de ouvido o Plen\u00e1rio e cumpridas \u00e0s formalidades regimentais, seja encaminhado veemente apelo ao Exmo. Sr. Presidente da Rep\u00fablica Luiz Inacio Lula da Silva, ao Exmo. Sr. Ricardo Lewandowski Ministro da Justi\u00e7a e Seguran\u00e7a P\u00fablica \u2013 ao Exmo. Sr. Mario Sarrubbo, Secretario Nacional de Seguran\u00e7a Publica e Justi\u00e7a, a Exma. Sra. Raquel Lyra Governadora de Pernambuco., extensivo a Secretaria de Defesa Social - SDS e ao Comandante Geral da Policia Militar de Pernambuco: para que se proceda: ndica\u00e7\u00e3o para que Caruaru possa aderir ao Programa Nacional de Fortalecimento da Gest\u00e3o Municipal de Seguran\u00e7a P\u00fablica \u2013 CidadesSP.","indexacao":"","observacao":"","resultado":"","texto_original":"http://sapl.caruaru.pe.leg.br/media/sapl/public/materialegislativa/2026/45531/reiteramento_2025_indicacao_07.pdf","data_ultima_atualizacao":"2026-03-10T18:31:25.879708-03:00","ip":"","ultima_edicao":null,"tipo":2,"regime_tramitacao":1,"tipo_origem_externa":null,"local_origem_externa":null,"user":null,"anexadas":[],"autores":[113]}