{"id":45533,"__str__":"PROJETO DE LEI n\u00ba 10371 de 2026","metadata":{"signs":{"texto_original":{"admin":[],"autores":[["Nome do Assinante N\u00e3o Localizado.",["2026-03-03T21:08:42-03:00","C\u00e2mara Municipal de Caruaru"]],["Vereador Anderson Correia",["2026-03-04T10:51:29-03:00",""]]]}}},"numero":10371,"ano":2026,"numero_protocolo":1132,"data_apresentacao":"2026-03-05","tipo_apresentacao":"","data_publicacao":null,"numero_origem_externa":"","ano_origem_externa":null,"data_origem_externa":null,"apelido":"","dias_prazo":null,"data_fim_prazo":null,"em_tramitacao":true,"polemica":false,"objeto":"","complementar":false,"ementa":"Institui o \u201cDia S de valoriza\u00e7\u00e3o e reconhecimento do Servi\u00e7o Social do Com\u00e9rcio (Sesc) e do Servi\u00e7o Nacional de Aprendizagem Comercial (Senac)\u201d no Calend\u00e1rio Oficial de Eventos do Munic\u00edpio de Caruaru.","indexacao":"","observacao":"","resultado":"","texto_original":"http://sapl.caruaru.pe.leg.br/media/sapl/public/materialegislativa/2026/45533/pl_dia_s_caruaru_ok.pdf","data_ultima_atualizacao":"2026-04-30T18:10:22.326654-03:00","ip":"","ultima_edicao":null,"tipo":3,"regime_tramitacao":1,"tipo_origem_externa":null,"local_origem_externa":null,"user":null,"anexadas":[46635,46646],"autores":[105,131,111]}