{"id":45695,"__str__":"INDICA\u00c7\u00c3O n\u00ba 191 de 2026","metadata":{"signs":{"texto_original":{"admin":[],"autores":[["Vereador Mano do Som",["2026-03-10T11:18:50-03:00",""]]]}}},"numero":191,"ano":2026,"numero_protocolo":1292,"data_apresentacao":"2026-03-12","tipo_apresentacao":"","data_publicacao":null,"numero_origem_externa":"","ano_origem_externa":null,"data_origem_externa":null,"apelido":"","dias_prazo":null,"data_fim_prazo":null,"em_tramitacao":true,"polemica":false,"objeto":"","complementar":false,"ementa":"Indico \u00e0 Mesa, depois de ouvido o Plen\u00e1rio e cumpridas \u00e1s formalidades regimentais, que seja REITERADO a indica\u00e7\u00e3o feita em 2025, referente:\r\nINDICA\u00c7\u00c3O  191/2025  \u2013Solicita\u00e7\u00e3o de Implementa\u00e7\u00e3o do \u201cCentro da Paz\u201d no Bairro Rendeiras no Munic\u00edpio de Caruaru \r\nINDICA\u00c7\u00c3O 190/2025 -Solicita\u00e7\u00e3o de Implementa\u00e7\u00e3o do \u201cCentro da Paz\u201d no Bairro Salgado no Munic\u00edpio de Caruaru \r\nINDICA\u00c7\u00c3O 189/2025 -Solicita\u00e7\u00e3o de Implementa\u00e7\u00e3o do \u201cCentro da Paz\u201d no Bairro S\u00e3o Jo\u00e3o da Esc\u00f3cia no Munic\u00edpio de Caruaru   \r\nINDICA\u00c7\u00c3O  188/2025 - Solicita\u00e7\u00e3o de Implementa\u00e7\u00e3o do \u201cCentro da Paz\u201d no Bairro Vila Kennedy no Munic\u00edpio de Caruaru  \r\nINDICA\u00c7\u00c3O \u00a0158/2025 -Indico \u00e0 Mesa Diretora desta Casa Legislativa, depois de ouvido o Plen\u00e1rio e cumpridas \u00e0s formalidades regimentais, seja encaminhado veemente apelo a Governadora de Pernambuco, Sra. Raquel Lyra, extensivo a Secretaria de Defesa Social - SDS e ao Comandante Geral da Policia Militar de Pernambuco: para que se proceda: Implanta\u00e7\u00e3o de um N\u00facleo de Sa\u00fade Mental em Caruaru, voltado exclusivamente para o atendimento psicol\u00f3gico e psiqui\u00e1trico dos agentes de seguran\u00e7a p\u00fablica da regi\u00e3o.","indexacao":"","observacao":"","resultado":"","texto_original":"http://sapl.caruaru.pe.leg.br/media/sapl/public/materialegislativa/2026/45695/reiteramento_2025_indicacao_13.pdf","data_ultima_atualizacao":"2026-03-17T18:12:00.024928-03:00","ip":"","ultima_edicao":null,"tipo":2,"regime_tramitacao":1,"tipo_origem_externa":null,"local_origem_externa":null,"user":null,"anexadas":[],"autores":[113]}