{"id":4600,"__str__":"REQUERIMENTO n\u00ba 673 de 2018","metadata":{},"numero":673,"ano":2018,"numero_protocolo":2868,"data_apresentacao":"2018-04-03","tipo_apresentacao":"","data_publicacao":null,"numero_origem_externa":"","ano_origem_externa":null,"data_origem_externa":null,"apelido":"","dias_prazo":null,"data_fim_prazo":null,"em_tramitacao":false,"polemica":null,"objeto":"","complementar":null,"ementa":"Que seja feito um veemente apelo \u00e0 senhora Raquel Lyra, Prefeita do Munic\u00edpio, bem como \u00e0 senhora Nyadja Menezes Rodrigues Ramos Secretaria de Urbanismo e Obras, no sentido de viabilizar a constru\u00e7\u00e3o de cal\u00e7amento da Rua conhecida como \u201cBeco de Z\u00e9 da Pra\u00e7a, localizada na Vila de Lajes de Z\u00e9 de N\u00e9, 2\u00ba Distrito da Zona Rural, Munic\u00edpio de Caruaru, Estado de Pernambuco.\r\nJUSTIFICATIVA","indexacao":"","observacao":"","resultado":"","texto_original":"http://sapl.caruaru.pe.leg.br/media/sapl/public/materialegislativa/2018/4600/requerimento-vila-de-lajes.pdf","data_ultima_atualizacao":"2021-02-06T08:48:15.710324-03:00","ip":"","ultima_edicao":null,"tipo":1,"regime_tramitacao":1,"tipo_origem_externa":null,"local_origem_externa":null,"user":null,"anexadas":[],"autores":[19]}