{"id":46195,"__str__":"REQUERIMENTO n\u00ba 1217 de 2026","metadata":{"signs":{"texto_original":{"admin":[],"autores":[["Nome do Assinante N\u00e3o Localizado.",["2026-04-04T12:25:20-03:00","C\u00e2mara Municipal de Caruaru"]]]}}},"numero":1217,"ano":2026,"numero_protocolo":1785,"data_apresentacao":"2026-04-07","tipo_apresentacao":"","data_publicacao":null,"numero_origem_externa":"","ano_origem_externa":null,"data_origem_externa":null,"apelido":"","dias_prazo":null,"data_fim_prazo":null,"em_tramitacao":false,"polemica":false,"objeto":"","complementar":false,"ementa":"Anteprojeto de Lei que institui o Programa Municipal \u201cPrimeiro Emprego Inclusivo\u201d, voltado \u00e0 inser\u00e7\u00e3o de jovens, pessoas com defici\u00eancia e pessoas com Transtorno do Espectro Autista no mercado de trabalho.","indexacao":"","observacao":"","resultado":"","texto_original":"http://sapl.caruaru.pe.leg.br/media/sapl/public/materialegislativa/2026/46195/apl_empregabilidade_inclusiva_primeiro_emprego_caruaru_2026.pdf","data_ultima_atualizacao":"2026-04-11T22:51:47.477475-03:00","ip":"","ultima_edicao":null,"tipo":1,"regime_tramitacao":1,"tipo_origem_externa":null,"local_origem_externa":null,"user":null,"anexadas":[],"autores":[111]}