{"id":46351,"__str__":"REQUERIMENTO n\u00ba 1323 de 2026","metadata":{"signs":{"texto_original":{"admin":[],"autores":[["Nome do Assinante N\u00e3o Localizado.",["2026-04-08T15:23:55-03:00","C\u00e2mara Municipal de Caruaru"]]]}}},"numero":1323,"ano":2026,"numero_protocolo":1938,"data_apresentacao":"2026-04-14","tipo_apresentacao":"","data_publicacao":null,"numero_origem_externa":"","ano_origem_externa":null,"data_origem_externa":null,"apelido":"","dias_prazo":null,"data_fim_prazo":null,"em_tramitacao":false,"polemica":false,"objeto":"","complementar":false,"ementa":"Requeiro que sejam REITERADOS OS REQUERIMENTOS feitos por mim nas legislaturas passadas, constantes no anexo: REQUERIMENTO n\u00ba 2007 de 2025- Requeiro que sejam confeccionados e distribu\u00eddos em\r\nMaternidades e Postos de Sa\u00fade do Munic\u00edpio, folhetos dando orienta\u00e7\u00f5es de como agir em casos de\r\nengasgamento e sufocamento de crian\u00e7as e beb\u00eas.\r\nREQUERIMENTO n\u00ba 2008 de 2025- Requeiro confeccionados/produzidos v\u00eddeos ensinando a\r\nmanobra correta para realizar o desengasgo ou evitar o sufocamento em beb\u00eas e em crian\u00e7as, para serem\r\nexibidos em todas as unidades de sa\u00fade de nosso munic\u00edpio.\r\nREQUERIMENTO n\u00ba 2020 de 2025- Requeiro a presen\u00e7a di\u00e1ria dos Agentes da Guarda Municipal na\r\nFeira de Artesanato, no setor dos Restaurantes que ficam ao lado das Barracas de Artesanato.\r\nREQUERIMENTO n\u00ba 2022 de 2025- Requeiro a Constru\u00e7\u00e3o de um Parque Ambiental, iluminado,\r\narborizado com um paisagismo harmonioso com plantas e arvores nativas, com equipamentos\r\nrecreativos para crian\u00e7as, pista de cooper e equipamentos para a pratica de exerc\u00edcios f\u00edsicos, uma \u00e1rea\r\ncom mesas e bancos onde as pessoas possam ler, jogar damas, domin\u00f3s, xadrez e etc., quadra de areia,\r\nou seja um local prazeroso e agrad\u00e1vel onde as pessoas possam desfrutar da Natureza praticar\r\nexerc\u00edcios, essa \u00e1rea fica situada entre a Rua Turquia e Rua Orlando Dias (pr\u00f3ximo a Igreja Cat\u00f3lica,\r\nbairro S\u00e3o Jo\u00e3o da Esc\u00f3cia.\r\nREQUERIMENTO n\u00ba 2034 de 2025- Requeiro a instala\u00e7\u00e3o de um transformador de energia, para que\r\npossam ser realizados atendimentos odontol\u00f3gicos no posto de sa\u00fade do bairro do Riach\u00e3o","indexacao":"","observacao":"","resultado":"","texto_original":"http://sapl.caruaru.pe.leg.br/media/sapl/public/materialegislativa/2026/46351/reiterandos_9_de_abril_15.pdf","data_ultima_atualizacao":"2026-04-30T18:25:42.743120-03:00","ip":"","ultima_edicao":null,"tipo":1,"regime_tramitacao":1,"tipo_origem_externa":null,"local_origem_externa":null,"user":null,"anexadas":[],"autores":[106]}