{"id":46357,"__str__":"INDICA\u00c7\u00c3O n\u00ba 284 de 2026","metadata":{"signs":{"texto_original":{"admin":[],"autores":[["Nome do Assinante N\u00e3o Localizado.",["2026-04-13T12:05:44-03:00","C\u00e2mara Municipal de Caruaru"]]]}}},"numero":284,"ano":2026,"numero_protocolo":1944,"data_apresentacao":"2026-04-14","tipo_apresentacao":"","data_publicacao":null,"numero_origem_externa":"","ano_origem_externa":null,"data_origem_externa":null,"apelido":"","dias_prazo":null,"data_fim_prazo":null,"em_tramitacao":false,"polemica":false,"objeto":"","complementar":false,"ementa":"Indica ao Governo Federal, especialmente ao Minist\u00e9rio da Cultura e ao Minist\u00e9rio dos Direitos Humanos e da Cidadania, a ado\u00e7\u00e3o de provid\u00eancias para a institui\u00e7\u00e3o, em \u00e2mbito nacional, da Semana de Inclus\u00e3o Sensorial e Cultural da Pessoa com Transtorno do Espectro Autista (TEA), a ser realizada anualmente no m\u00eas de abril, mediante proposi\u00e7\u00e3o legislativa ou implementa\u00e7\u00e3o de pol\u00edtica p\u00fablica voltada \u00e0 inclus\u00e3o cultural.","indexacao":"","observacao":"","resultado":"","texto_original":"http://sapl.caruaru.pe.leg.br/media/sapl/public/materialegislativa/2026/46357/indicacao_criacao_de_semana_nacional_de_inclusao_sensorial_e_cultural_do_tea.pdf","data_ultima_atualizacao":"2026-04-30T09:58:27.272765-03:00","ip":"","ultima_edicao":null,"tipo":2,"regime_tramitacao":1,"tipo_origem_externa":null,"local_origem_externa":null,"user":null,"anexadas":[],"autores":[111]}