{"id":46359,"__str__":"INDICA\u00c7\u00c3O n\u00ba 285 de 2026","metadata":{"signs":{"texto_original":{"admin":[],"autores":[["Nome do Assinante N\u00e3o Localizado.",["2026-04-13T11:56:11-03:00","C\u00e2mara Municipal de Caruaru"]]]}}},"numero":285,"ano":2026,"numero_protocolo":1946,"data_apresentacao":"2026-04-14","tipo_apresentacao":"","data_publicacao":null,"numero_origem_externa":"","ano_origem_externa":null,"data_origem_externa":null,"apelido":"","dias_prazo":null,"data_fim_prazo":null,"em_tramitacao":false,"polemica":false,"objeto":"","complementar":false,"ementa":"Indica \u00e0 Governadora do Estado de Pernambuco, Raquel Lyra, com c\u00f3pia \u00e0 Secretaria de Cultura e \u00e0 Secretaria de Justi\u00e7a, Direitos Humanos e Preven\u00e7\u00e3o \u00e0 Viol\u00eancia, a institui\u00e7\u00e3o, no \u00e2mbito estadual, da Semana de Inclus\u00e3o Sensorial e Cultural da Pessoa com Transtorno do Espectro Autista (TEA), a ser realizada anualmente no m\u00eas de abril, com a promo\u00e7\u00e3o de shows e demais apresenta\u00e7\u00f5es culturais adaptadas \u00e0s necessidades sensoriais desse p\u00fablico.","indexacao":"","observacao":"","resultado":"","texto_original":"http://sapl.caruaru.pe.leg.br/media/sapl/public/materialegislativa/2026/46359/indicacao_eventos_musicais_inclusivos_para_tea__pernambuco.pdf","data_ultima_atualizacao":"2026-04-30T09:42:28.216988-03:00","ip":"","ultima_edicao":null,"tipo":2,"regime_tramitacao":1,"tipo_origem_externa":null,"local_origem_externa":null,"user":null,"anexadas":[],"autores":[111]}