{"id":46369,"__str__":"REQUERIMENTO n\u00ba 1337 de 2026","metadata":{"signs":{"texto_original":{"admin":[],"autores":[["Nome do Assinante N\u00e3o Localizado.",["2026-04-14T10:31:46-03:00","C\u00e2mara Municipal de Caruaru"]]]}}},"numero":1337,"ano":2026,"numero_protocolo":1956,"data_apresentacao":"2026-04-14","tipo_apresentacao":"","data_publicacao":null,"numero_origem_externa":"","ano_origem_externa":null,"data_origem_externa":null,"apelido":"","dias_prazo":null,"data_fim_prazo":null,"em_tramitacao":false,"polemica":false,"objeto":"","complementar":false,"ementa":"Requer o encaminhamento de Anteprojeto de Lei ao Poder Executivo Municipal, que institui o Programa Municipal de Inclus\u00e3o e Estimula\u00e7\u00e3o Sensorial no Munic\u00edpio de Caruaru.","indexacao":"","observacao":"","resultado":"","texto_original":"http://sapl.caruaru.pe.leg.br/media/sapl/public/materialegislativa/2026/46369/136_req._-_14_04_-__anteprojeto_de_lei_-_programa_municipal_de_inclusao_e_estimulacao_sensorial.docx.pdf","data_ultima_atualizacao":"2026-04-19T15:10:41.033072-03:00","ip":"","ultima_edicao":null,"tipo":1,"regime_tramitacao":1,"tipo_origem_externa":null,"local_origem_externa":null,"user":null,"anexadas":[],"autores":[128]}