{"id":46419,"__str__":"REQUERIMENTO n\u00ba 1363 de 2026","metadata":{"signs":{"texto_original":{"admin":[],"autores":[["Nome do Assinante N\u00e3o Localizado.",["2026-04-15T10:46:01-03:00","C\u00e2mara Municipal de Caruaru"]]]}}},"numero":1363,"ano":2026,"numero_protocolo":2004,"data_apresentacao":"2026-04-16","tipo_apresentacao":"","data_publicacao":null,"numero_origem_externa":"","ano_origem_externa":null,"data_origem_externa":null,"apelido":"","dias_prazo":null,"data_fim_prazo":null,"em_tramitacao":false,"polemica":false,"objeto":"","complementar":false,"ementa":"Requeiro que sejam REITERADOS OS REQUERIMENTOS feitos por mim nas legislaturas passadas, constantes no anexo: REQUERIMENTO n\u00ba 2307 de 2025- Requeiro a constru\u00e7\u00e3o de um CMEI - CENTRO MUNICIPAL DE EDUCA\u00c7\u00c3O INFANTIL, no bairro Afonsinho.\r\nREQUERIMENTO n\u00ba 2309 de 2025- Requeiro a pavimenta\u00e7\u00e3o asf\u00e1ltica da Rua Valdemar Firmino, no bairro Jo\u00e3o Mota.\r\nREQUERIMENTO n\u00ba 2310 de 2025- Requeiro a pavimenta\u00e7\u00e3o asf\u00e1ltica da 2\u00aa Travessa Guaratinguet\u00e1, no bairro Jo\u00e3o Mota.\r\nREQUERIMENTO n\u00ba 2339 de 2025- Requeiro a requalifica\u00e7\u00e3o (total da Rua Saldanha da Gama, melhorias na ilumina\u00e7\u00e3o e no pavimento (do canteiro central e da Pracinha), instala\u00e7\u00e3o de mais c\u00e2meras de vigil\u00e2ncia, reforma geral na pracinha e no canteiro central, com a instala\u00e7\u00e3o de bancos, mesas e equipamentos recreativos, poda de arvores, pintura, entrega de folhetos educacionais orientando os moradores quanto aos descartes de lixos e metralhas em especial no entorno do Albergue, bairro Nossa Senhora das Dores.\r\nREQUERIMENTO n\u00ba 2383 de 2025- Requeiro a a\u00e7\u00e3o do Prefeitura na Porta, no loteamento Caru\u00e1.","indexacao":"","observacao":"","resultado":"","texto_original":"http://sapl.caruaru.pe.leg.br/media/sapl/public/materialegislativa/2026/46419/reiterandos_9_de_abril_20.pdf","data_ultima_atualizacao":"2026-04-30T19:26:40.308965-03:00","ip":"","ultima_edicao":null,"tipo":1,"regime_tramitacao":1,"tipo_origem_externa":null,"local_origem_externa":null,"user":null,"anexadas":[],"autores":[106]}