{"id":46426,"__str__":"PROJETO DE DECRETO LEGISLATIVO n\u00ba 2392 de 2026","metadata":{"signs":{"texto_original":{"admin":[],"autores":[["Vereador Delegado Lessa",["2026-04-14T11:24:56-03:00",""]]]}}},"numero":2392,"ano":2026,"numero_protocolo":2011,"data_apresentacao":"2026-04-16","tipo_apresentacao":"","data_publicacao":null,"numero_origem_externa":"","ano_origem_externa":null,"data_origem_externa":null,"apelido":"","dias_prazo":null,"data_fim_prazo":null,"em_tramitacao":true,"polemica":false,"objeto":"","complementar":false,"ementa":"Concede o T\u00edtulo de Cidad\u00e3o Caruaruense ao Senhor Frederico Marcelo Castro do Rego Barros e d\u00e1 outras provid\u00eancias.","indexacao":"","observacao":"","resultado":"","texto_original":"http://sapl.caruaru.pe.leg.br/media/sapl/public/materialegislativa/2026/46426/titulo_de_cidadao_-_delegado_fred.docx_1.pdf","data_ultima_atualizacao":"2026-04-30T18:12:13.206127-03:00","ip":"","ultima_edicao":null,"tipo":6,"regime_tramitacao":1,"tipo_origem_externa":null,"local_origem_externa":null,"user":null,"anexadas":[46570],"autores":[126]}