{"id":46447,"__str__":"REQUERIMENTO n\u00ba 1381 de 2026","metadata":{"signs":{"texto_original":{"admin":[],"autores":[["Nome do Assinante N\u00e3o Localizado.",["2026-03-15T13:51:36-03:00","C\u00e2mara Municipal de Caruaru"]]]}}},"numero":1381,"ano":2026,"numero_protocolo":2032,"data_apresentacao":"2026-04-16","tipo_apresentacao":"","data_publicacao":null,"numero_origem_externa":"","ano_origem_externa":null,"data_origem_externa":null,"apelido":"","dias_prazo":null,"data_fim_prazo":null,"em_tramitacao":false,"polemica":false,"objeto":"","complementar":false,"ementa":"para reiterar os pedidos REQUERIMENTO n\u00ba 2426 de 2025; REQUERIMENTO n\u00ba 2427 de 2025; REQUERIMENTO n\u00ba 2428 de 2025; REQUERIMENTO n\u00ba 2433 de 2025; REQUERIMENTO n\u00ba 2437 de 2025:\r\nREQUERIMENTO n\u00ba 2426 de 2025 - para que proceda com o cal\u00e7amento e a drenagem em toda extens\u00e3o da Rua Manoel Martins de Ara\u00fajo, no bairro do Salgado.\r\nREQUERIMENTO n\u00ba 2427 de 2025 - para que proceda com a pavimenta\u00e7\u00e3o asf\u00e1ltica, Rua Projetada R.23 - Rua S\u00e3o Jos\u00e9 Oper\u00e1rio, no loteamento S\u00e3o Jos\u00e9 bairro das Rendeiras\r\nREQUERIMENTO n\u00ba 2428 de 2025 - para que procedam com a Constru\u00e7\u00e3o de uma pra\u00e7a p\u00fablica na \u00e1rea verde localizada entre as Rua Fernando Bernardino de Lucena com a Estrada para Gon\u00e7alves Ferreira, no loteamento S\u00e3o Jos\u00e9.\r\nREQUERIMENTO n\u00ba 2433 de 2025 - PARA QUE PROCEDAM COM a CAPINA\u00c7\u00c3O, PODA DE \u00c1RVORES, COMO TAMB\u00c9M UMA A\u00c7\u00c3O DE COMBATE AO MOSQUITO AEDES AEGYPTI (DENGUE) COM O USO DO FUMAC\u00ca, na Av. 16 de Setembro, Xique-Xique.\r\nREQUERIMENTO n\u00ba 2437 de 2025 - para que proceda com a pavimenta\u00e7\u00e3o asf\u00e1ltica, Rua Projetada Trinta, no loteamento S\u00e3o Jos\u00e9 bairro das Rendeiras","indexacao":"","observacao":"","resultado":"","texto_original":"http://sapl.caruaru.pe.leg.br/media/sapl/public/materialegislativa/2026/46447/2.pdf","data_ultima_atualizacao":"2026-04-30T19:40:26.274869-03:00","ip":"","ultima_edicao":null,"tipo":1,"regime_tramitacao":1,"tipo_origem_externa":null,"local_origem_externa":null,"user":null,"anexadas":[],"autores":[106]}