{"id":46454,"__str__":"REQUERIMENTO n\u00ba 1387 de 2026","metadata":{"signs":{"texto_original":{"admin":[],"autores":[["Nome do Assinante N\u00e3o Localizado.",["2026-04-16T09:59:09-03:00","C\u00e2mara Municipal de Caruaru"]]]}}},"numero":1387,"ano":2026,"numero_protocolo":2039,"data_apresentacao":"2026-04-16","tipo_apresentacao":"","data_publicacao":null,"numero_origem_externa":"","ano_origem_externa":null,"data_origem_externa":null,"apelido":"","dias_prazo":null,"data_fim_prazo":null,"em_tramitacao":false,"polemica":false,"objeto":"","complementar":false,"ementa":"Requer a inser\u00e7\u00e3o na Ata dos trabalhos da presente Sess\u00e3o dos \u201cVOTOS DE APLAUSOS E CONGRATULA\u00c7\u00d5ES\u201d ao Sr. St\u00e9fano Pereira Alves, em reconhecimento \u00e0 sua not\u00e1vel dedica\u00e7\u00e3o, resili\u00eancia e compromisso enquanto pai at\u00edpico, bem como pelo relevante exemplo de cidadania, amor e luta em prol da inclus\u00e3o e garantia de direitos das pessoas com defici\u00eancia.","indexacao":"","observacao":"","resultado":"","texto_original":"http://sapl.caruaru.pe.leg.br/media/sapl/public/materialegislativa/2026/46454/req_-_voto_de_aplauso_-_stefano.pdf","data_ultima_atualizacao":"2026-04-29T15:33:54.327543-03:00","ip":"","ultima_edicao":null,"tipo":1,"regime_tramitacao":1,"tipo_origem_externa":null,"local_origem_externa":null,"user":null,"anexadas":[],"autores":[111]}