{"id":46455,"__str__":"INDICA\u00c7\u00c3O n\u00ba 306 de 2026","metadata":{"signs":{"texto_original":{"admin":[],"autores":[["Nome do Assinante N\u00e3o Localizado.",["2026-04-16T10:20:58-03:00","C\u00e2mara Municipal de Caruaru"]]]}}},"numero":306,"ano":2026,"numero_protocolo":2040,"data_apresentacao":"2026-04-16","tipo_apresentacao":"","data_publicacao":null,"numero_origem_externa":"","ano_origem_externa":null,"data_origem_externa":null,"apelido":"","dias_prazo":null,"data_fim_prazo":null,"em_tramitacao":false,"polemica":false,"objeto":"","complementar":false,"ementa":"Indica\u00e7\u00e3o ao Senhor Marcos Gerv\u00e1sio, Secret\u00e1rio Executivo de Promo\u00e7\u00e3o dos Direitos da Pessoa com Defici\u00eancia do Estado de Pernambuco, no sentido de viabilizar a disponibiliza\u00e7\u00e3o da Caravana da Inclus\u00e3o \u2013 Fibromialgia, com a oferta dos servi\u00e7os prestados por essa Secretaria e pelo Governo do Estado de Pernambuco, a serem realizados no Munic\u00edpio de Caruaru.","indexacao":"","observacao":"","resultado":"","texto_original":"http://sapl.caruaru.pe.leg.br/media/sapl/public/materialegislativa/2026/46455/ind_-_caravana_da_inclusao__fibromialgia.pdf","data_ultima_atualizacao":"2026-04-29T10:19:46.722119-03:00","ip":"","ultima_edicao":null,"tipo":2,"regime_tramitacao":1,"tipo_origem_externa":null,"local_origem_externa":null,"user":null,"anexadas":[],"autores":[111]}