{"id":46468,"__str__":"REQUERIMENTO n\u00ba 1396 de 2026","metadata":{"signs":{"texto_original":{"admin":[],"autores":[["Nome do Assinante N\u00e3o Localizado.",["2026-04-16T10:45:33-03:00","C\u00e2mara Municipal de Caruaru"]]]}}},"numero":1396,"ano":2026,"numero_protocolo":2053,"data_apresentacao":"2026-04-16","tipo_apresentacao":"","data_publicacao":null,"numero_origem_externa":"","ano_origem_externa":null,"data_origem_externa":null,"apelido":"","dias_prazo":null,"data_fim_prazo":null,"em_tramitacao":false,"polemica":false,"objeto":"","complementar":false,"ementa":"Requer o encaminhamento de Anteprojeto de Lei que institui o Programa Municipal de Transporte Escolar Acess\u00edvel no \u00e2mbito do Munic\u00edpio de Caruaru.","indexacao":"","observacao":"","resultado":"","texto_original":"http://sapl.caruaru.pe.leg.br/media/sapl/public/materialegislativa/2026/46468/146_req._-_16_04_-__anteprojeto_de_lei_-_programa_municipal_de_transporte_escolar_acessivel.docx.pdf","data_ultima_atualizacao":"2026-04-29T16:11:36.837768-03:00","ip":"","ultima_edicao":null,"tipo":1,"regime_tramitacao":1,"tipo_origem_externa":null,"local_origem_externa":null,"user":null,"anexadas":[],"autores":[128]}