{"id":46501,"__str__":"REQUERIMENTO n\u00ba 1411 de 2026","metadata":{"signs":{"texto_original":{"admin":[],"autores":[["Nome do Assinante N\u00e3o Localizado.",["2026-04-20T02:18:01-03:00","Vereador Anderson Correia"]]]}}},"numero":1411,"ano":2026,"numero_protocolo":2085,"data_apresentacao":"2026-04-23","tipo_apresentacao":"","data_publicacao":null,"numero_origem_externa":"","ano_origem_externa":null,"data_origem_externa":null,"apelido":"","dias_prazo":null,"data_fim_prazo":null,"em_tramitacao":false,"polemica":false,"objeto":"","complementar":false,"ementa":"Voto de Pesar pelo falecimento do empres\u00e1rio Fernando Costa, ocorrido em 19 de abril de 2026, ressaltando sua relevante contribui\u00e7\u00e3o ao desenvolvimento industrial de Caruaru e de todo o Agreste pernambucano, \u00e0 frente da Luzarte Estrela, empresa que ajudou a impulsionar a ind\u00fastria local, tornando-a refer\u00eancia em Pernambuco, no Nordeste e no Brasil, ao tempo em que se apresentam condol\u00eancias \u00e0 sua fam\u00edlia.","indexacao":"","observacao":"","resultado":"","texto_original":"http://sapl.caruaru.pe.leg.br/media/sapl/public/materialegislativa/2026/46501/voto_de_pesar_fernando_costa.pdf","data_ultima_atualizacao":"2026-04-29T18:04:25.562516-03:00","ip":"","ultima_edicao":null,"tipo":1,"regime_tramitacao":1,"tipo_origem_externa":null,"local_origem_externa":null,"user":null,"anexadas":[],"autores":[105]}