{"id":46511,"__str__":"REQUERIMENTO n\u00ba 1421 de 2026","metadata":{"signs":{"texto_original":{"admin":[],"autores":[["Nome do Assinante N\u00e3o Localizado.",["2026-04-22T15:44:34-03:00","C\u00e2mara Municipal de Caruaru"]]]}}},"numero":1421,"ano":2026,"numero_protocolo":2095,"data_apresentacao":"2026-04-23","tipo_apresentacao":"","data_publicacao":null,"numero_origem_externa":"","ano_origem_externa":null,"data_origem_externa":null,"apelido":"","dias_prazo":null,"data_fim_prazo":null,"em_tramitacao":false,"polemica":false,"objeto":"","complementar":false,"ementa":"Requeiro o seguinte pleito: Que seja a imediata designa\u00e7\u00e3o de professores para as referidas turmas, do 1o e 2o ano do Ensino Fundamental,\r\nvisando a normaliza\u00e7\u00e3o do calend\u00e1rio acad\u00eamico e a garantia do direito ao aprendizado dos alunos.","indexacao":"","observacao":"","resultado":"","texto_original":"http://sapl.caruaru.pe.leg.br/media/sapl/public/materialegislativa/2026/46511/requerimento_escola_joaquim_nabuco.pdf","data_ultima_atualizacao":"2026-04-29T18:30:05.958236-03:00","ip":"","ultima_edicao":null,"tipo":1,"regime_tramitacao":1,"tipo_origem_externa":null,"local_origem_externa":null,"user":null,"anexadas":[],"autores":[126]}