{"id":46521,"__str__":"REQUERIMENTO n\u00ba 1431 de 2026","metadata":{"signs":{"texto_original":{"admin":[],"autores":[["Nome do Assinante N\u00e3o Localizado.",["2026-04-22T19:41:31-03:00","C\u00e2mara Municipal de Caruaru"]]]}}},"numero":1431,"ano":2026,"numero_protocolo":2105,"data_apresentacao":"2026-04-23","tipo_apresentacao":"","data_publicacao":null,"numero_origem_externa":"","ano_origem_externa":null,"data_origem_externa":null,"apelido":"","dias_prazo":null,"data_fim_prazo":null,"em_tramitacao":false,"polemica":false,"objeto":"","complementar":false,"ementa":"Requer no sentido de criar o Programa \u201cSa\u00fade na Feira\u201d, mediante a implanta\u00e7\u00e3o de unidades m\u00f3veis ou postos fixos de atendimento b\u00e1sico e preventivo destinados aos feirantes e frequentadores da Feira de Caruaru, com funcionamento em hor\u00e1rios diferenciados e compat\u00edveis com a din\u00e2mica local.","indexacao":"","observacao":"","resultado":"","texto_original":"http://sapl.caruaru.pe.leg.br/media/sapl/public/materialegislativa/2026/46521/req_-_programa_saude_na_feira.pdf","data_ultima_atualizacao":"2026-04-29T19:10:40.219979-03:00","ip":"","ultima_edicao":null,"tipo":1,"regime_tramitacao":1,"tipo_origem_externa":null,"local_origem_externa":null,"user":null,"anexadas":[],"autores":[111]}