{"id":46522,"__str__":"REQUERIMENTO n\u00ba 1432 de 2026","metadata":{"signs":{"texto_original":{"admin":[],"autores":[["Nome do Assinante N\u00e3o Localizado.",["2026-04-22T19:38:54-03:00","C\u00e2mara Municipal de Caruaru"]]]}}},"numero":1432,"ano":2026,"numero_protocolo":2106,"data_apresentacao":"2026-04-23","tipo_apresentacao":"","data_publicacao":null,"numero_origem_externa":"","ano_origem_externa":null,"data_origem_externa":null,"apelido":"","dias_prazo":null,"data_fim_prazo":null,"em_tramitacao":false,"polemica":false,"objeto":"","complementar":false,"ementa":"Requer no sentido de instituir o Programa de Sa\u00fade do Trabalhador T\u00eaxtil, com foco na preven\u00e7\u00e3o, diagn\u00f3stico precoce e acompanhamento de doen\u00e7as ocupacionais no \u00e2mbito do Polo de Confec\u00e7\u00f5es local.","indexacao":"","observacao":"","resultado":"","texto_original":"http://sapl.caruaru.pe.leg.br/media/sapl/public/materialegislativa/2026/46522/req_-_saude_do_trabalhador_textil.pdf","data_ultima_atualizacao":"2026-04-29T19:13:48.169318-03:00","ip":"","ultima_edicao":null,"tipo":1,"regime_tramitacao":1,"tipo_origem_externa":null,"local_origem_externa":null,"user":null,"anexadas":[],"autores":[111]}