{"id":4656,"__str__":"REQUERIMENTO n\u00ba 689 de 2018","metadata":{},"numero":689,"ano":2018,"numero_protocolo":2888,"data_apresentacao":"2018-04-05","tipo_apresentacao":"","data_publicacao":null,"numero_origem_externa":"","ano_origem_externa":null,"data_origem_externa":null,"apelido":"","dias_prazo":null,"data_fim_prazo":null,"em_tramitacao":false,"polemica":null,"objeto":"","complementar":null,"ementa":"Requer que se proceda com a implanta\u00e7\u00e3o de abrigos para usu\u00e1rios de transporte p\u00fablico na parada de \u00f4nibus localizada na Pra\u00e7a Jos\u00e9 Jo\u00e3o de Lacerda, Rua Est\u00e1cio Coimbra, no Bairro Petr\u00f3polis.","indexacao":"","observacao":"","resultado":"","texto_original":"http://sapl.caruaru.pe.leg.br/media/sapl/public/materialegislativa/2018/4656/03.req.-vecfcmc-abrigo-com-coberta-pra-a-jos-jo_u7gtvAY.pdf","data_ultima_atualizacao":"2021-02-06T08:49:42.075983-03:00","ip":"","ultima_edicao":null,"tipo":1,"regime_tramitacao":1,"tipo_origem_externa":null,"local_origem_externa":null,"user":null,"anexadas":[],"autores":[16]}