{"id":4657,"__str__":"REQUERIMENTO n\u00ba 690 de 2018","metadata":{},"numero":690,"ano":2018,"numero_protocolo":2889,"data_apresentacao":"2018-04-05","tipo_apresentacao":"","data_publicacao":null,"numero_origem_externa":"","ano_origem_externa":null,"data_origem_externa":null,"apelido":"","dias_prazo":null,"data_fim_prazo":null,"em_tramitacao":false,"polemica":null,"objeto":"","complementar":null,"ementa":"REVITALIZA\u00c7\u00c3O PRA\u00c7A NAS AVS. PARA\u00cdBA-GOUVEIA DE BARROS E JOS\u00c9 VER\u00cdSSIMO, MAUR\u00cdCIO DE NASSAU","indexacao":"","observacao":"","resultado":"","texto_original":"http://sapl.caruaru.pe.leg.br/media/sapl/public/materialegislativa/2018/4657/revitaliza-o-pra-a-avs-para-ba-gouveia-de-barro_KC9WcBr.pdf","data_ultima_atualizacao":"2021-02-06T08:49:42.341814-03:00","ip":"","ultima_edicao":null,"tipo":1,"regime_tramitacao":1,"tipo_origem_externa":null,"local_origem_externa":null,"user":null,"anexadas":[],"autores":[30]}