{"id":46576,"__str__":"INDICA\u00c7\u00c3O n\u00ba 317 de 2026","metadata":{"signs":{"texto_original":{"admin":[],"autores":[["Nome do Assinante N\u00e3o Localizado.",["2026-04-22T16:41:01-03:00","Vereador Anderson Correia"]]]}}},"numero":317,"ano":2026,"numero_protocolo":2159,"data_apresentacao":"2026-04-28","tipo_apresentacao":"","data_publicacao":null,"numero_origem_externa":"","ano_origem_externa":null,"data_origem_externa":null,"apelido":"","dias_prazo":null,"data_fim_prazo":null,"em_tramitacao":true,"polemica":false,"objeto":"","complementar":false,"ementa":"Indica\u00e7\u00e3o \u00e0 Governadora do Estado de Pernambuco, Raquel Lyra, extensivo \u00e0 Ag\u00eancia de Desenvolvimento Econ\u00f4mico de Pernambuco (ADEPE), no sentido de que sejam adotadas provid\u00eancias visando \u00e0 formaliza\u00e7\u00e3o dos artes\u00e3os do Alto do Moura, no munic\u00edpio de Caruaru.","indexacao":"","observacao":"","resultado":"","texto_original":"http://sapl.caruaru.pe.leg.br/media/sapl/public/materialegislativa/2026/46576/ind_adepe_formalizar_artesaos.pdf","data_ultima_atualizacao":"2026-04-29T12:09:20.472203-03:00","ip":"","ultima_edicao":null,"tipo":2,"regime_tramitacao":1,"tipo_origem_externa":null,"local_origem_externa":null,"user":null,"anexadas":[],"autores":[105]}