{"id":46578,"__str__":"REQUERIMENTO n\u00ba 1466 de 2026","metadata":{"signs":{"texto_original":{"admin":[],"autores":[["Nome do Assinante N\u00e3o Localizado.",["2026-04-22T16:53:23-03:00","Vereador Anderson Correia"]]]}}},"numero":1466,"ano":2026,"numero_protocolo":2161,"data_apresentacao":"2026-04-28","tipo_apresentacao":"","data_publicacao":null,"numero_origem_externa":"","ano_origem_externa":null,"data_origem_externa":null,"apelido":"","dias_prazo":null,"data_fim_prazo":null,"em_tramitacao":true,"polemica":false,"objeto":"","complementar":false,"ementa":"Requer que sejam adotadas provid\u00eancias para a disponibiliza\u00e7\u00e3o de espa\u00e7os no Centro Multicultural do Alto do Moura, destinados aos ateli\u00eas de artes\u00e3os da localidade, a fim de possibilitar a exposi\u00e7\u00e3o e comercializa\u00e7\u00e3o de pe\u00e7as de barro produzidas na regi\u00e3o.","indexacao":"","observacao":"","resultado":"","texto_original":"http://sapl.caruaru.pe.leg.br/media/sapl/public/materialegislativa/2026/46578/req_artesaos_expor_centro_multicultural.pdf","data_ultima_atualizacao":"2026-04-29T12:08:49.536023-03:00","ip":"","ultima_edicao":null,"tipo":1,"regime_tramitacao":1,"tipo_origem_externa":null,"local_origem_externa":null,"user":null,"anexadas":[],"autores":[105]}