{"id":46581,"__str__":"REQUERIMENTO n\u00ba 1469 de 2026","metadata":{"signs":{"texto_original":{"admin":[],"autores":[["Nome do Assinante N\u00e3o Localizado.",["2026-04-24T10:34:14-03:00","C\u00e2mara Municipal de Caruaru"]]]}}},"numero":1469,"ano":2026,"numero_protocolo":2164,"data_apresentacao":"2026-04-28","tipo_apresentacao":"","data_publicacao":null,"numero_origem_externa":"","ano_origem_externa":null,"data_origem_externa":null,"apelido":"","dias_prazo":null,"data_fim_prazo":null,"em_tramitacao":true,"polemica":false,"objeto":"","complementar":false,"ementa":"Requer que seja realizada uma a\u00e7\u00e3o comunit\u00e1ria por meio da Caravana de Sa\u00fade e Cidadania no Posto Agamenon Magalh\u00e3es (Vila Campos) visando atender toda popula\u00e7\u00e3o do bairro.","indexacao":"","observacao":"","resultado":"","texto_original":"http://sapl.caruaru.pe.leg.br/media/sapl/public/materialegislativa/2026/46581/requerimento_caravana_da_saude_posto_agamenon.pdf","data_ultima_atualizacao":"2026-04-29T12:08:49.826511-03:00","ip":"","ultima_edicao":null,"tipo":1,"regime_tramitacao":1,"tipo_origem_externa":null,"local_origem_externa":null,"user":null,"anexadas":[],"autores":[131]}