{"id":46591,"__str__":"REQUERIMENTO n\u00ba 1478 de 2026","metadata":{"signs":{"texto_original":{"admin":[],"autores":[["Vereador Lula T\u00f4rres e Paulinho",["2026-04-27T11:07:07-03:00",""]]]}}},"numero":1478,"ano":2026,"numero_protocolo":2174,"data_apresentacao":"2026-04-28","tipo_apresentacao":"","data_publicacao":null,"numero_origem_externa":"","ano_origem_externa":null,"data_origem_externa":null,"apelido":"","dias_prazo":null,"data_fim_prazo":null,"em_tramitacao":true,"polemica":false,"objeto":"","complementar":false,"ementa":"Votos de Aplausos, a Presidente da CEACA, Renata Senna, eleita por aclama\u00e7\u00e3o para a Presid\u00eancia da Associa\u00e7\u00e3o Brasileira das Centrais de Abastecimento (ABRACEN), tornando a primeira mulher a comandar a entidade em seus 40 anos de exist\u00eancia.","indexacao":"","observacao":"","resultado":"","texto_original":"http://sapl.caruaru.pe.leg.br/media/sapl/public/materialegislativa/2026/46591/req_-_vtp_-_ceaca_-_renata_senna.pdf","data_ultima_atualizacao":"2026-04-29T12:08:50.620720-03:00","ip":"","ultima_edicao":null,"tipo":1,"regime_tramitacao":1,"tipo_origem_externa":null,"local_origem_externa":null,"user":null,"anexadas":[],"autores":[23]}