{"id":46597,"__str__":"REQUERIMENTO n\u00ba 1483 de 2026","metadata":{"signs":{"texto_original":{"admin":[],"autores":[["Nome do Assinante N\u00e3o Localizado.",["2026-04-27T09:36:24-03:00","C\u00e2mara Municipal de Caruaru"]]]}}},"numero":1483,"ano":2026,"numero_protocolo":2180,"data_apresentacao":"2026-04-28","tipo_apresentacao":"","data_publicacao":null,"numero_origem_externa":"","ano_origem_externa":null,"data_origem_externa":null,"apelido":"","dias_prazo":null,"data_fim_prazo":null,"em_tramitacao":true,"polemica":false,"objeto":"","complementar":false,"ementa":"Anteprojeto de Lei que disp\u00f5e sobre a possibilidade de concess\u00e3o de redu\u00e7\u00e3o de jornada de trabalho aos servidores p\u00fablicos municipais que sejam pessoas com defici\u00eancia, portadores de doen\u00e7as cr\u00f4nicas, incluindo fibromialgia, bem como \u00e0queles que sejam respons\u00e1veis por pessoas com defici\u00eancia, transtorno do espectro autista (TEA) ou condi\u00e7\u00e3o que demande cuidados permanentes, no \u00e2mbito do Munic\u00edpio de Caruaru.","indexacao":"","observacao":"","resultado":"","texto_original":"http://sapl.caruaru.pe.leg.br/media/sapl/public/materialegislativa/2026/46597/apl_reducao_jornada_servidores_pcd_tea_fibromialgia_caruaru_2026.pdf","data_ultima_atualizacao":"2026-04-29T12:08:51.394071-03:00","ip":"","ultima_edicao":null,"tipo":1,"regime_tramitacao":1,"tipo_origem_externa":null,"local_origem_externa":null,"user":null,"anexadas":[],"autores":[111]}