{"id":46599,"__str__":"INDICA\u00c7\u00c3O n\u00ba 320 de 2026","metadata":{"signs":{"texto_original":{"admin":[],"autores":[["Nome do Assinante N\u00e3o Localizado.",["2026-04-27T18:23:54-03:00","Vereador Anderson Correia"]]]}}},"numero":320,"ano":2026,"numero_protocolo":2182,"data_apresentacao":"2026-04-28","tipo_apresentacao":"","data_publicacao":null,"numero_origem_externa":"","ano_origem_externa":null,"data_origem_externa":null,"apelido":"","dias_prazo":null,"data_fim_prazo":null,"em_tramitacao":true,"polemica":false,"objeto":"","complementar":false,"ementa":"Indica\u00e7\u00e3o ao Governo do Estado de Pernambuco, na pessoa da Exma. Sra. Governadora Raquel Lyra, bem como \u00e0 Secretaria de Educa\u00e7\u00e3o do Estado, no sentido de que seja atribu\u00edda a denomina\u00e7\u00e3o \u201cEscola T\u00e9cnica Estadual Ivan Nunes\u201d \u00e0 unidade de ensino t\u00e9cnico a ser implantada no terreno atualmente ocupado pela Faculdade Pit\u00e1goras, localizado no centro do munic\u00edpio de Caruaru.","indexacao":"","observacao":"","resultado":"","texto_original":"http://sapl.caruaru.pe.leg.br/media/sapl/public/materialegislativa/2026/46599/ind_escola_tecnica_ivan_nunes.pdf","data_ultima_atualizacao":"2026-04-29T12:09:20.759690-03:00","ip":"","ultima_edicao":null,"tipo":2,"regime_tramitacao":1,"tipo_origem_externa":null,"local_origem_externa":null,"user":null,"anexadas":[],"autores":[105]}