{"id":46600,"__str__":"INDICA\u00c7\u00c3O n\u00ba 321 de 2026","metadata":{"signs":{"texto_original":{"admin":[],"autores":[["Nome do Assinante N\u00e3o Localizado.",["2026-03-19T09:40:02-03:00","C\u00e2mara Municipal de Caruaru"]]]}}},"numero":321,"ano":2026,"numero_protocolo":2183,"data_apresentacao":"2026-04-28","tipo_apresentacao":"","data_publicacao":null,"numero_origem_externa":"","ano_origem_externa":null,"data_origem_externa":null,"apelido":"","dias_prazo":null,"data_fim_prazo":null,"em_tramitacao":true,"polemica":false,"objeto":"","complementar":false,"ementa":"para encaminhar apelo a Exma. Governadora de Pernambuco Raquel Lyra, para reiterar a indica\u00e7\u00e3o 596/2025 e 599/2025:\r\nIndica\u00e7\u00e3o 596/2025 - Requeiro \u00e0 Exma. Sra. Governadora do Estado de Pernambuco, Raquel Lyra, extensivo a Secretaria de Defesa Social, Ilmo. Alessandro Carvalho; a Policia Militar de Pernambuco; ao CMT 4\u00b0 BATALH\u00c3O, Tenente-Coronel PM Fabiano Gomes Moreira; Tenente-Coronel PM CMT 1\u00b0 BIESP Luis Andr\u00e9 Pantale\u00e3o de Sena; para refor\u00e7ar as rondas policiais, principalmente pelo BIESP e pelas motocicletas da ROCAM, no Residencial S\u00e3o Jos\u00e9, no bairro das Renderias e adjac\u00eancias.\r\nIndica\u00e7\u00e3o 599/2025 - Requeiro \u00e0 Exma. Sra. Governadora do Estado de Pernambuco, Raquel Lyra, extensivo a Secretaria de Defesa Social, Ilmo. Alessandro Carvalho; a Policia Militar de Pernambuco; ao CMT 4\u00b0 BATALH\u00c3O, Tenente-Coronel PM Fabiano Gomes Moreira; Tenente-Coronel PM CMT 1\u00b0 BIESP Luis Andr\u00e9 Pantale\u00e3o de Sena; para refor\u00e7ar as rondas policiais, principalmente pelo BIESP e pelas motocicletas da ROCAM, no bairro Indianopolis/Inocoop e adjac\u00eancias.","indexacao":"","observacao":"","resultado":"","texto_original":"http://sapl.caruaru.pe.leg.br/media/sapl/public/materialegislativa/2026/46600/indicacao8.pdf","data_ultima_atualizacao":"2026-04-29T12:09:20.852880-03:00","ip":"","ultima_edicao":null,"tipo":2,"regime_tramitacao":1,"tipo_origem_externa":null,"local_origem_externa":null,"user":null,"anexadas":[],"autores":[106]}