{"id":46603,"__str__":"REQUERIMENTO n\u00ba 1485 de 2026","metadata":{"signs":{"texto_original":{"admin":[],"autores":[["Vereador Mano do Som",["2026-04-27T10:32:51-03:00",""]]]}}},"numero":1485,"ano":2026,"numero_protocolo":2186,"data_apresentacao":"2026-04-28","tipo_apresentacao":"","data_publicacao":null,"numero_origem_externa":"","ano_origem_externa":null,"data_origem_externa":null,"apelido":"","dias_prazo":null,"data_fim_prazo":null,"em_tramitacao":true,"polemica":false,"objeto":"","complementar":false,"ementa":"Requer na presente Sess\u00e3o, MO\u00c7\u00c3O DE APLAUSOS E CONGRATULA\u00c7\u00d5ES ao Sr. Pedro Francisco Ferreira Filho (Edinho), em reconhecimento aos relevantes servi\u00e7os prestados no Parque Natural Municipal Professor Jo\u00e3o Vasconcelos Sobrinho, popularmente conhecido como Parque Serra dos Cavalos.","indexacao":"","observacao":"","resultado":"","texto_original":"http://sapl.caruaru.pe.leg.br/media/sapl/public/materialegislativa/2026/46603/edinho_serra_dos_cavalos_2799.pdf","data_ultima_atualizacao":"2026-04-30T18:10:33.110470-03:00","ip":"","ultima_edicao":null,"tipo":1,"regime_tramitacao":1,"tipo_origem_externa":null,"local_origem_externa":null,"user":null,"anexadas":[],"autores":[113]}