{"id":46605,"__str__":"REQUERIMENTO n\u00ba 1486 de 2026","metadata":{"signs":{"texto_original":{"admin":[],"autores":[["Vereador Mano do Som",["2026-04-23T11:22:55-03:00",""]]]}}},"numero":1486,"ano":2026,"numero_protocolo":2188,"data_apresentacao":"2026-04-28","tipo_apresentacao":"","data_publicacao":null,"numero_origem_externa":"","ano_origem_externa":null,"data_origem_externa":null,"apelido":"","dias_prazo":null,"data_fim_prazo":null,"em_tramitacao":true,"polemica":false,"objeto":"","complementar":false,"ementa":"Requer para que se proceda, com mutir\u00e3o de limpeza e capina\u00e7\u00e3o, na localidade:\r\nPra\u00e7a da Rua \u00edndio Guaraci- Bairro Jos\u00e9 Ant\u00f4nio Liberato","indexacao":"","observacao":"","resultado":"","texto_original":"http://sapl.caruaru.pe.leg.br/media/sapl/public/materialegislativa/2026/46605/jose_liberato_praca_da_rua_indio_guaraci.pdf","data_ultima_atualizacao":"2026-04-29T12:08:51.623040-03:00","ip":"","ultima_edicao":null,"tipo":1,"regime_tramitacao":1,"tipo_origem_externa":null,"local_origem_externa":null,"user":null,"anexadas":[],"autores":[113]}