{"id":46663,"__str__":"REQUERIMENTO n\u00ba 1512 de 2026","metadata":{"signs":{"texto_original":{"admin":[],"autores":[["Nome do Assinante N\u00e3o Localizado.",["2026-04-29T11:00:04-03:00","C\u00e2mara Municipal de Caruaru"]]]}}},"numero":1512,"ano":2026,"numero_protocolo":2245,"data_apresentacao":"2026-04-30","tipo_apresentacao":"","data_publicacao":null,"numero_origem_externa":"","ano_origem_externa":null,"data_origem_externa":null,"apelido":"","dias_prazo":null,"data_fim_prazo":null,"em_tramitacao":true,"polemica":false,"objeto":"","complementar":false,"ementa":"Seja institu\u00eddo no \u00e2mbito municipal N\u00daCLEO INDEPENDETE DE TRATAMENTO DA PESSOA DO ESPECTRO AUTISTA, com exclusividade para o p\u00fablico infantil.","indexacao":"","observacao":"","resultado":"","texto_original":"http://sapl.caruaru.pe.leg.br/media/sapl/public/materialegislativa/2026/46663/requerimento_nucleo_independente_de_tratamento_da_pessoa_do_aspectro_autista_assi.pdf","data_ultima_atualizacao":"2026-04-30T17:20:38.188153-03:00","ip":"","ultima_edicao":null,"tipo":1,"regime_tramitacao":1,"tipo_origem_externa":null,"local_origem_externa":null,"user":null,"anexadas":[],"autores":[124]}