{"id":46690,"__str__":"REQUERIMENTO n\u00ba 1535 de 2026","metadata":{"signs":{"texto_original":{"admin":[],"autores":[["Nome do Assinante N\u00e3o Localizado.",["2026-04-30T09:17:02-03:00","C\u00e2mara Municipal de Caruaru"]]]}}},"numero":1535,"ano":2026,"numero_protocolo":2272,"data_apresentacao":"2026-04-30","tipo_apresentacao":"","data_publicacao":null,"numero_origem_externa":"","ano_origem_externa":null,"data_origem_externa":null,"apelido":"","dias_prazo":null,"data_fim_prazo":null,"em_tramitacao":true,"polemica":false,"objeto":"","complementar":false,"ementa":"Requeiro que sejam REITERADOS OS REQUERIMENTOS feitos por mim nas legislaturas passadas, constantes no anexo: REQUERIMENTO n\u00ba 3186 de 2025- Requeiro a Secretaria de Servi\u00e7os P\u00fablicos, Ilmo. Sr. Vital Flor\u00eancio, a disponibiliza\u00e7\u00e3o de lixeiras, na feira de frutas e verduras do bairro do Salgado.\r\nREQUERIMENTO n\u00ba 3187 de 2025- Requeiro a Secretaria de Servi\u00e7os P\u00fablicos, Ilmo. Sr. Vital Flor\u00eancio, a disponibiliza\u00e7\u00e3o de lixeiras, na feira de frutas e verduras do bairro da boa vista 1 e 2.\r\nREQUERIMENTO n\u00ba 3188 de 2025- Requeiro a Secretaria de Servi\u00e7os P\u00fablicos, Ilmo. Sr. Vital Flor\u00eancio, a disponibiliza\u00e7\u00e3o de lixeiras, na feira de frutas e verduras do bairro do S\u00e3o Francisco.\r\nREQUERIMENTO n\u00ba 3189 de 2025- Requeiro a Secretaria de Servi\u00e7os P\u00fablicos, Ilmo. Sr. Vital Flor\u00eancio, a disponibiliza\u00e7\u00e3o de lixeiras, na feira de frutas e verduras do parque 18 de maio.\r\nREQUERIMENTO n\u00ba 3191 de 2025- Requeiro a Secretaria de Servi\u00e7os P\u00fablicos, Ilmo. Sr. Vital Flor\u00eancio, a disponibiliza\u00e7\u00e3o de lixeiras, nas ruas da Feira da Moda (Setor Brasilit).","indexacao":"","observacao":"","resultado":"","texto_original":"http://sapl.caruaru.pe.leg.br/media/sapl/public/materialegislativa/2026/46690/reiterandos_30_de_abril_27.pdf","data_ultima_atualizacao":"2026-04-30T17:20:40.782137-03:00","ip":"","ultima_edicao":null,"tipo":1,"regime_tramitacao":1,"tipo_origem_externa":null,"local_origem_externa":null,"user":null,"anexadas":[],"autores":[106]}