{"id":46705,"__str__":"REQUERIMENTO n\u00ba 1548 de 2026","metadata":{"signs":{"texto_original":{"admin":[],"autores":[["Nome do Assinante N\u00e3o Localizado.",["2026-04-30T10:19:42-03:00","C\u00e2mara Municipal de Caruaru"]]]}}},"numero":1548,"ano":2026,"numero_protocolo":2287,"data_apresentacao":"2026-04-30","tipo_apresentacao":"","data_publicacao":null,"numero_origem_externa":"","ano_origem_externa":null,"data_origem_externa":null,"apelido":"","dias_prazo":null,"data_fim_prazo":null,"em_tramitacao":true,"polemica":false,"objeto":"","complementar":false,"ementa":"Requer requalifica\u00e7\u00e3o dos equipamentos de lazer e infantis da Pra\u00e7a Ant\u00f4nia Carlos de Oliveira, localizada entre as ruas Professora Maria Em\u00edlia e Professor Ferr\u00facio, em frente ao CRAS, no bairro Centen\u00e1rio.","indexacao":"","observacao":"","resultado":"","texto_original":"http://sapl.caruaru.pe.leg.br/media/sapl/public/materialegislativa/2026/46705/24_-_reforma_praca.pdf","data_ultima_atualizacao":"2026-04-30T17:20:42.009939-03:00","ip":"","ultima_edicao":null,"tipo":1,"regime_tramitacao":1,"tipo_origem_externa":null,"local_origem_externa":null,"user":null,"anexadas":[],"autores":[12]}