{"id":46711,"__str__":"REQUERIMENTO n\u00ba 1553 de 2026","metadata":{"signs":{"texto_original":{"admin":[],"autores":[["Nome do Assinante N\u00e3o Localizado.",["2026-04-30T10:37:36-03:00","C\u00e2mara Municipal de Caruaru"]]]}}},"numero":1553,"ano":2026,"numero_protocolo":2293,"data_apresentacao":"2026-04-30","tipo_apresentacao":"","data_publicacao":null,"numero_origem_externa":"","ano_origem_externa":null,"data_origem_externa":null,"apelido":"","dias_prazo":null,"data_fim_prazo":null,"em_tramitacao":true,"polemica":false,"objeto":"","complementar":false,"ementa":"Requer requalifica\u00e7\u00e3o da Pra\u00e7a Tr\u00eas Bandeiras.","indexacao":"","observacao":"","resultado":"","texto_original":"http://sapl.caruaru.pe.leg.br/media/sapl/public/materialegislativa/2026/46711/25_-_requalificacao_praca_tres_bandeiras.pdf","data_ultima_atualizacao":"2026-04-30T17:20:42.459065-03:00","ip":"","ultima_edicao":null,"tipo":1,"regime_tramitacao":1,"tipo_origem_externa":null,"local_origem_externa":null,"user":null,"anexadas":[],"autores":[12]}