{"id":47782,"__str__":"PROJETO DE LEI n\u00ba 10469 de 2026","metadata":{"signs":{"texto_original":{"admin":[],"autores":[["Nome do Assinante N\u00e3o Localizado.",["2026-07-15T21:06:51-03:00","Vereador Anderson Correia"]]]}}},"numero":10469,"ano":2026,"numero_protocolo":3340,"data_apresentacao":"2026-08-03","tipo_apresentacao":"","data_publicacao":null,"numero_origem_externa":"","ano_origem_externa":null,"data_origem_externa":null,"apelido":"","dias_prazo":null,"data_fim_prazo":null,"em_tramitacao":true,"polemica":false,"objeto":"","complementar":false,"ementa":"Disp\u00f5e sobre o direito \u00e0 instala\u00e7\u00e3o de esta\u00e7\u00e3o de recarga individual para ve\u00edculos el\u00e9tricos em edifica\u00e7\u00f5es residenciais e comerciais no munic\u00edpio de Caruaru e d\u00e1 outras provid\u00eancias.","indexacao":"","observacao":"","resultado":"","texto_original":"http://sapl.caruaru.pe.leg.br/media/sapl/public/materialegislativa/2026/47782/pl_instalacao_de_estacao_de_recarga_individual_para_veiculos_eletricos_.pdf","data_ultima_atualizacao":"2026-08-04T17:10:27.513797-03:00","ip":"","ultima_edicao":null,"tipo":3,"regime_tramitacao":1,"tipo_origem_externa":null,"local_origem_externa":null,"user":null,"anexadas":[],"autores":[105]}