{"id":47853,"__str__":"REQUERIMENTO n\u00ba 2120 de 2026","metadata":{"signs":{"texto_original":{"admin":[],"autores":[["Vereador Lula T\u00f4rres e Paulinho",["2026-07-28T11:57:07-03:00",""]]]}}},"numero":2120,"ano":2026,"numero_protocolo":3411,"data_apresentacao":"2026-08-04","tipo_apresentacao":"","data_publicacao":null,"numero_origem_externa":"","ano_origem_externa":null,"data_origem_externa":null,"apelido":"","dias_prazo":null,"data_fim_prazo":null,"em_tramitacao":false,"polemica":false,"objeto":"","complementar":false,"ementa":"Proceder com os servi\u00e7os de capina\u00e7\u00e3o no Bairro S\u00e3o Francisco.","indexacao":"","observacao":"","resultado":"","texto_original":"http://sapl.caruaru.pe.leg.br/media/sapl/public/materialegislativa/2026/47853/req_-_capinacao_-_sao_francisco.pdf","data_ultima_atualizacao":"2026-08-12T17:23:13.134545-03:00","ip":"","ultima_edicao":null,"tipo":1,"regime_tramitacao":1,"tipo_origem_externa":null,"local_origem_externa":null,"user":null,"anexadas":[],"autores":[23]}