{"id":47859,"__str__":"REQUERIMENTO n\u00ba 2125 de 2026","metadata":{"signs":{"texto_original":{"admin":[],"autores":[["Vereador Anderson Correia",["2026-07-28T11:24:45-03:00",""]]]}}},"numero":2125,"ano":2026,"numero_protocolo":3417,"data_apresentacao":"2026-08-04","tipo_apresentacao":"","data_publicacao":null,"numero_origem_externa":"","ano_origem_externa":null,"data_origem_externa":null,"apelido":"","dias_prazo":null,"data_fim_prazo":null,"em_tramitacao":false,"polemica":false,"objeto":"","complementar":false,"ementa":"Requer que adotem, AT\u00c9 O DIA 15 DE AGOSTO DE 2026, todas as provid\u00eancias administrativas necess\u00e1rias \u00e0 execu\u00e7\u00e3o da emenda parlamentar destinada \u00e0 implanta\u00e7\u00e3o do SAMUVET \u2013 Servi\u00e7o de Atendimento M\u00f3vel de Urg\u00eancia Veterin\u00e1ria no Munic\u00edpio de Caruaru.","indexacao":"","observacao":"","resultado":"","texto_original":"http://sapl.caruaru.pe.leg.br/media/sapl/public/materialegislativa/2026/47859/req_execucao_emenda_samuvet.pdf","data_ultima_atualizacao":"2026-08-13T18:59:16.483279-03:00","ip":"","ultima_edicao":null,"tipo":1,"regime_tramitacao":1,"tipo_origem_externa":null,"local_origem_externa":null,"user":null,"anexadas":[],"autores":[105]}